{"id":7036,"date":"2024-09-02T15:48:06","date_gmt":"2024-09-02T12:48:06","guid":{"rendered":"https:\/\/setlementtijoensuu.fi\/?p=7036"},"modified":"2024-09-02T15:48:06","modified_gmt":"2024-09-02T12:48:06","slug":"toiminnanjohtajan-syysterveiset","status":"publish","type":"post","link":"https:\/\/setlementtijoensuu.fi\/en\/toiminnanjohtajan-syysterveiset","title":{"rendered":"Toiminnanjohtajan syysterveiset"},"content":{"rendered":"<p>Vaikka ulkona viel\u00e4 aurinkoista onkin, on Joensuun Setlementin syyskausi k\u00e4ynnistynyt. Viime viikolla aloitimme porrastetusti ik\u00e4ihmisten kohtaamispaikkatoiminnan, Global Friday kansainv\u00e4linen kohtaamispaikkamme k\u00e4ynnistyi taas 30.8., ja t\u00e4ll\u00e4 viikolla jatkuvat 12-22 vuotiaiden tupatoiminnot. Aikuisten kohtaamispaikka Olohuone on py\u00f6rinyt miltei tauotta kev\u00e4\u00e4st\u00e4 l\u00e4htien ja se jatkuu my\u00f6s syksyll\u00e4 perjantaisin klo 10-15.<\/p>\n<p>&nbsp;<\/p>\n<p>Syyskaudella j\u00e4rjest\u00e4mme my\u00f6s pienryhmi\u00e4 kaikissa toiminnoissamme, joten kannattaa seurata ilmoittelua some-kanavillamme. Pienryhm\u00e4t tarjoavat mahdollisuuden kokoontua tiettyjen teemojen, kuten rentoutumisen, ymp\u00e4rille turvallisessa ja keskustelevassa ymp\u00e4rist\u00f6ss\u00e4.<\/p>\n<p>&nbsp;<\/p>\n<p>Jo kev\u00e4tkaudella huomasimme kaikissa toiminnoissamme, ett\u00e4 ihmisten tarve kohdata ja vuorovaikuttaa on kasvanut; yksin\u00e4isyys ja eristyneisyys on lis\u00e4\u00e4ntynyt alueella niin nuorissa, aikuisissa, maahanmuuttajissa kuin ik\u00e4ihmisiss\u00e4kin. Yhdistysten matalan kynnyksen toiminta koetaan monen k\u00e4vij\u00e4n taholta helposti l\u00e4hestytt\u00e4v\u00e4ksi ja kohtaamispaikkoihin voi tulla ilman pelkoa leimaantumisesta. K\u00e4vij\u00e4m\u00e4\u00e4r\u00e4mme ovat kasvaneet tasaisesti, mik\u00e4 tarkoittaa, ett\u00e4 toimintaamme l\u00f6ydet\u00e4\u00e4n yh\u00e4 helpommin. Samalla se tarkoittaa, ett\u00e4 yh\u00e4 useampi tarvitsee sosiaalisesti innostavaa, turvallisemman tilan toimintaa, jossa saadaan tukea arjen haasteiden keskell\u00e4.<\/p>\n<p>&nbsp;<\/p>\n<p>Koko j\u00e4rjest\u00f6kentt\u00e4\u00e4 varjostavat valtakunnalliset ja alueelliset rahoitusleikkaukset. Suuntaviivoja leikkauksista on annettu, mutta viel\u00e4 emme t\u00e4ysin tied\u00e4, miten ne kohdistuvat yksitt\u00e4isiin j\u00e4rjest\u00f6ihin ja yhdistyksiin. Juuri nyt on t\u00e4rke\u00e4\u00e4, ett\u00e4 puhumme siit\u00e4, mit\u00e4 kaikkea hyv\u00e4\u00e4 kolmannen sektorin toimijat tuovat arkeemme; tukea ja apua, mahdollisuuksia olla ja kehitty\u00e4, kohdata ja vaikuttaa, osallistua ja toimia. J\u00e4rjest\u00f6t ovat olennainen osa kuntatoimijoita ja hyvinvointialuetta tukevia palveluita; nyt ei ole aika karsia n\u00e4ist\u00e4 palveluista ja toiminnoista.<\/p>\n<p>&nbsp;<\/p>\n<p>Joensuun Setlementin toiminnan kautta olemme tukeneet nuoria l\u00f6yt\u00e4m\u00e4\u00e4n itselleen sopivan jatkokoulutusreitin, auttaneet nuoria itsen\u00e4istym\u00e4\u00e4n ja vahvistamaan omaa \u00e4\u00e4nt\u00e4\u00e4n. Olemme tuoneet yhteen ik\u00e4ihmisi\u00e4, luoneet mahdollisuuksia tehd\u00e4 mieluisia asioita, jotka vahvistavat heid\u00e4n toimintakyky\u00e4\u00e4n ja antavat heid\u00e4n asua itsen\u00e4isesti omissa kodeissaan, niin kuin arvokkaaseen ik\u00e4\u00e4ntymiseen kuuluu. Olemme kotouttaneet maahanmuuttajia ja luoneet mahdollisuuden kiinnitty\u00e4 joensuulaisten yhteis\u00f6ihin. Uudessa Tuettua osallisuutta -hankkeessa olemme tarjonneet yksil\u00f6ohjausta Olohuone-toiminnan rinnalla, kehitt\u00e4neet vapaaehtoisuuden tilaisuuksia j\u00e4lkihuollon nuorille ja kuntoutustuella oleville aikuisille; kaikki t\u00e4m\u00e4 vahvistaa heid\u00e4n toimijuuttaan ja kokemustaan siit\u00e4, ett\u00e4 he kuuluvat yhteis\u00f6\u00f6n ja voivat vaikuttaa oman el\u00e4m\u00e4ns\u00e4 kulkuun.<\/p>\n<p>&nbsp;<\/p>\n<p>Arvoihimme kuuluu mm. yhdenvertaisuus, oikeudenmukaisuus ja rohkeus. Aiomme jatkossakin rohkeasti tuoda heikommassa asemassa olevien \u00e4\u00e4nt\u00e4 esille, kulkea heid\u00e4n rinnallaan ja luoda mahdollisuuksia tulla osalliseksi ihmisten yhteis\u00f6ist\u00e4. Jotta meill\u00e4 olisi suomalainen hyvinvointiyhteiskunta jatkossakin, meid\u00e4n tulee pit\u00e4\u00e4 kaikki mukana yhdenvertaisesti.<\/p>\n<p>&nbsp;<\/p>\n<p>Terveisin,<\/p>\n<p>Toiminnanjohtaja Henna<\/p>\n<p>&nbsp;<\/p>","protected":false},"excerpt":{"rendered":"<p>Vaikka ulkona viel\u00e4 aurinkoista onkin, on Joensuun Setlementin syyskausi k\u00e4ynnistynyt. Viime viikolla&#8230;<\/p>","protected":false},"author":4,"featured_media":7037,"comment_status":"closed","ping_status":"open","sticky":false,"template":"","format":"standard","meta":{"footnotes":""},"categories":[1],"tags":[],"class_list":{"0":"post-7036","1":"post","2":"type-post","3":"status-publish","4":"format-standard","5":"has-post-thumbnail","7":"category-ajankohtaista"},"yoast_head":"<!-- This site is optimized with the Yoast SEO plugin v24.5 - https:\/\/yoast.com\/wordpress\/plugins\/seo\/ -->\n<title>Toiminnanjohtajan syysterveiset - Setlementti Joensuu<\/title>\n<meta name=\"robots\" content=\"index, follow, max-snippet:-1, max-image-preview:large, max-video-preview:-1\" \/>\n<link rel=\"canonical\" href=\"https:\/\/setlementtijoensuu.fi\/en\/toiminnanjohtajan-syysterveiset\/\" \/>\n<meta property=\"og:locale\" content=\"en_US\" \/>\n<meta property=\"og:type\" content=\"article\" \/>\n<meta property=\"og:title\" content=\"Toiminnanjohtajan syysterveiset - Setlementti Joensuu\" \/>\n<meta property=\"og:description\" content=\"Vaikka ulkona viel\u00e4 aurinkoista onkin, on Joensuun Setlementin syyskausi k\u00e4ynnistynyt. Viime viikolla...\" \/>\n<meta property=\"og:url\" content=\"https:\/\/setlementtijoensuu.fi\/en\/toiminnanjohtajan-syysterveiset\/\" \/>\n<meta property=\"og:site_name\" content=\"Setlementti Joensuu\" \/>\n<meta property=\"article:publisher\" content=\"https:\/\/www.facebook.com\/setlementtijoensuu.fi\" \/>\n<meta property=\"article:published_time\" content=\"2024-09-02T12:48:06+00:00\" \/>\n<meta property=\"og:image\" content=\"https:\/\/setlementtijoensuu.fi\/wp-content\/uploads\/2024\/09\/Toiminnanjohtajan-syysterveiset.png\" \/>\n\t<meta property=\"og:image:width\" content=\"2000\" \/>\n\t<meta property=\"og:image:height\" content=\"1677\" \/>\n\t<meta property=\"og:image:type\" content=\"image\/png\" \/>\n<meta name=\"author\" content=\"Henna Karhap\u00e4\u00e4\" \/>\n<meta name=\"twitter:card\" content=\"summary_large_image\" \/>\n<meta name=\"twitter:label1\" content=\"Written by\" \/>\n\t<meta name=\"twitter:data1\" content=\"Henna Karhap\u00e4\u00e4\" \/>\n\t<meta name=\"twitter:label2\" content=\"Est. reading time\" \/>\n\t<meta name=\"twitter:data2\" content=\"1 minute\" \/>\n<script type=\"application\/ld+json\" class=\"yoast-schema-graph\">{\"@context\":\"https:\/\/schema.org\",\"@graph\":[{\"@type\":\"Article\",\"@id\":\"https:\/\/setlementtijoensuu.fi\/toiminnanjohtajan-syysterveiset#article\",\"isPartOf\":{\"@id\":\"https:\/\/setlementtijoensuu.fi\/toiminnanjohtajan-syysterveiset\"},\"author\":{\"name\":\"Henna Karhap\u00e4\u00e4\",\"@id\":\"https:\/\/setlementtijoensuu.fi\/#\/schema\/person\/78f5eeadb4261c918b6b969786e828e4\"},\"headline\":\"Toiminnanjohtajan syysterveiset\",\"datePublished\":\"2024-09-02T12:48:06+00:00\",\"mainEntityOfPage\":{\"@id\":\"https:\/\/setlementtijoensuu.fi\/toiminnanjohtajan-syysterveiset\"},\"wordCount\":414,\"publisher\":{\"@id\":\"https:\/\/setlementtijoensuu.fi\/#organization\"},\"image\":{\"@id\":\"https:\/\/setlementtijoensuu.fi\/toiminnanjohtajan-syysterveiset#primaryimage\"},\"thumbnailUrl\":\"https:\/\/setlementtijoensuu.fi\/wp-content\/uploads\/2024\/09\/Toiminnanjohtajan-syysterveiset.png\",\"articleSection\":[\"Ajankohtaista\"],\"inLanguage\":\"en-US\"},{\"@type\":\"WebPage\",\"@id\":\"https:\/\/setlementtijoensuu.fi\/toiminnanjohtajan-syysterveiset\",\"url\":\"https:\/\/setlementtijoensuu.fi\/toiminnanjohtajan-syysterveiset\",\"name\":\"Toiminnanjohtajan syysterveiset - Setlementti Joensuu\",\"isPartOf\":{\"@id\":\"https:\/\/setlementtijoensuu.fi\/#website\"},\"primaryImageOfPage\":{\"@id\":\"https:\/\/setlementtijoensuu.fi\/toiminnanjohtajan-syysterveiset#primaryimage\"},\"image\":{\"@id\":\"https:\/\/setlementtijoensuu.fi\/toiminnanjohtajan-syysterveiset#primaryimage\"},\"thumbnailUrl\":\"https:\/\/setlementtijoensuu.fi\/wp-content\/uploads\/2024\/09\/Toiminnanjohtajan-syysterveiset.png\",\"datePublished\":\"2024-09-02T12:48:06+00:00\",\"breadcrumb\":{\"@id\":\"https:\/\/setlementtijoensuu.fi\/toiminnanjohtajan-syysterveiset#breadcrumb\"},\"inLanguage\":\"en-US\",\"potentialAction\":[{\"@type\":\"ReadAction\",\"target\":[\"https:\/\/setlementtijoensuu.fi\/toiminnanjohtajan-syysterveiset\"]}]},{\"@type\":\"ImageObject\",\"inLanguage\":\"en-US\",\"@id\":\"https:\/\/setlementtijoensuu.fi\/toiminnanjohtajan-syysterveiset#primaryimage\",\"url\":\"https:\/\/setlementtijoensuu.fi\/wp-content\/uploads\/2024\/09\/Toiminnanjohtajan-syysterveiset.png\",\"contentUrl\":\"https:\/\/setlementtijoensuu.fi\/wp-content\/uploads\/2024\/09\/Toiminnanjohtajan-syysterveiset.png\",\"width\":2000,\"height\":1677},{\"@type\":\"BreadcrumbList\",\"@id\":\"https:\/\/setlementtijoensuu.fi\/toiminnanjohtajan-syysterveiset#breadcrumb\",\"itemListElement\":[{\"@type\":\"ListItem\",\"position\":1,\"name\":\"Etusivu\",\"item\":\"https:\/\/setlementtijoensuu.fi\/\"},{\"@type\":\"ListItem\",\"position\":2,\"name\":\"Toiminnanjohtajan syysterveiset\"}]},{\"@type\":\"WebSite\",\"@id\":\"https:\/\/setlementtijoensuu.fi\/#website\",\"url\":\"https:\/\/setlementtijoensuu.fi\/\",\"name\":\"Setlementti Joensuu\",\"description\":\"Rohkeasti ihmisen puolella\",\"publisher\":{\"@id\":\"https:\/\/setlementtijoensuu.fi\/#organization\"},\"alternateName\":\"Joensuun Setlementti Ry\",\"potentialAction\":[{\"@type\":\"SearchAction\",\"target\":{\"@type\":\"EntryPoint\",\"urlTemplate\":\"https:\/\/setlementtijoensuu.fi\/?s={search_term_string}\"},\"query-input\":{\"@type\":\"PropertyValueSpecification\",\"valueRequired\":true,\"valueName\":\"search_term_string\"}}],\"inLanguage\":\"en-US\"},{\"@type\":\"Organization\",\"@id\":\"https:\/\/setlementtijoensuu.fi\/#organization\",\"name\":\"Joensuun Setlementti ry\",\"alternateName\":\"Joensuun Setlementti\",\"url\":\"https:\/\/setlementtijoensuu.fi\/\",\"logo\":{\"@type\":\"ImageObject\",\"inLanguage\":\"en-US\",\"@id\":\"https:\/\/setlementtijoensuu.fi\/#\/schema\/logo\/image\/\",\"url\":\"https:\/\/setlementtijoensuu.fi\/wp-content\/uploads\/2023\/02\/logo-retina-1.png\",\"contentUrl\":\"https:\/\/setlementtijoensuu.fi\/wp-content\/uploads\/2023\/02\/logo-retina-1.png\",\"width\":200,\"height\":88,\"caption\":\"Joensuun Setlementti ry\"},\"image\":{\"@id\":\"https:\/\/setlementtijoensuu.fi\/#\/schema\/logo\/image\/\"},\"sameAs\":[\"https:\/\/www.facebook.com\/setlementtijoensuu.fi\",\"https:\/\/www.instagram.com\/joensuunsetlementti\/\"]},{\"@type\":\"Person\",\"@id\":\"https:\/\/setlementtijoensuu.fi\/#\/schema\/person\/78f5eeadb4261c918b6b969786e828e4\",\"name\":\"Henna Karhap\u00e4\u00e4\",\"url\":\"https:\/\/setlementtijoensuu.fi\/en\/author\/henna\"}]}<\/script>\n<!-- \/ Yoast SEO plugin. -->","yoast_head_json":{"title":"Toiminnanjohtajan syysterveiset - Setlementti Joensuu","robots":{"index":"index","follow":"follow","max-snippet":"max-snippet:-1","max-image-preview":"max-image-preview:large","max-video-preview":"max-video-preview:-1"},"canonical":"https:\/\/setlementtijoensuu.fi\/en\/toiminnanjohtajan-syysterveiset\/","og_locale":"en_US","og_type":"article","og_title":"Toiminnanjohtajan syysterveiset - Setlementti Joensuu","og_description":"Vaikka ulkona viel\u00e4 aurinkoista onkin, on Joensuun Setlementin syyskausi k\u00e4ynnistynyt. Viime viikolla...","og_url":"https:\/\/setlementtijoensuu.fi\/en\/toiminnanjohtajan-syysterveiset\/","og_site_name":"Setlementti Joensuu","article_publisher":"https:\/\/www.facebook.com\/setlementtijoensuu.fi","article_published_time":"2024-09-02T12:48:06+00:00","og_image":[{"width":2000,"height":1677,"url":"https:\/\/setlementtijoensuu.fi\/wp-content\/uploads\/2024\/09\/Toiminnanjohtajan-syysterveiset.png","type":"image\/png"}],"author":"Henna Karhap\u00e4\u00e4","twitter_card":"summary_large_image","twitter_misc":{"Written by":"Henna Karhap\u00e4\u00e4","Est. reading time":"1 minute"},"schema":{"@context":"https:\/\/schema.org","@graph":[{"@type":"Article","@id":"https:\/\/setlementtijoensuu.fi\/toiminnanjohtajan-syysterveiset#article","isPartOf":{"@id":"https:\/\/setlementtijoensuu.fi\/toiminnanjohtajan-syysterveiset"},"author":{"name":"Henna Karhap\u00e4\u00e4","@id":"https:\/\/setlementtijoensuu.fi\/#\/schema\/person\/78f5eeadb4261c918b6b969786e828e4"},"headline":"Toiminnanjohtajan syysterveiset","datePublished":"2024-09-02T12:48:06+00:00","mainEntityOfPage":{"@id":"https:\/\/setlementtijoensuu.fi\/toiminnanjohtajan-syysterveiset"},"wordCount":414,"publisher":{"@id":"https:\/\/setlementtijoensuu.fi\/#organization"},"image":{"@id":"https:\/\/setlementtijoensuu.fi\/toiminnanjohtajan-syysterveiset#primaryimage"},"thumbnailUrl":"https:\/\/setlementtijoensuu.fi\/wp-content\/uploads\/2024\/09\/Toiminnanjohtajan-syysterveiset.png","articleSection":["Ajankohtaista"],"inLanguage":"en-US"},{"@type":"WebPage","@id":"https:\/\/setlementtijoensuu.fi\/toiminnanjohtajan-syysterveiset","url":"https:\/\/setlementtijoensuu.fi\/toiminnanjohtajan-syysterveiset","name":"Toiminnanjohtajan syysterveiset - Setlementti Joensuu","isPartOf":{"@id":"https:\/\/setlementtijoensuu.fi\/#website"},"primaryImageOfPage":{"@id":"https:\/\/setlementtijoensuu.fi\/toiminnanjohtajan-syysterveiset#primaryimage"},"image":{"@id":"https:\/\/setlementtijoensuu.fi\/toiminnanjohtajan-syysterveiset#primaryimage"},"thumbnailUrl":"https:\/\/setlementtijoensuu.fi\/wp-content\/uploads\/2024\/09\/Toiminnanjohtajan-syysterveiset.png","datePublished":"2024-09-02T12:48:06+00:00","breadcrumb":{"@id":"https:\/\/setlementtijoensuu.fi\/toiminnanjohtajan-syysterveiset#breadcrumb"},"inLanguage":"en-US","potentialAction":[{"@type":"ReadAction","target":["https:\/\/setlementtijoensuu.fi\/toiminnanjohtajan-syysterveiset"]}]},{"@type":"ImageObject","inLanguage":"en-US","@id":"https:\/\/setlementtijoensuu.fi\/toiminnanjohtajan-syysterveiset#primaryimage","url":"https:\/\/setlementtijoensuu.fi\/wp-content\/uploads\/2024\/09\/Toiminnanjohtajan-syysterveiset.png","contentUrl":"https:\/\/setlementtijoensuu.fi\/wp-content\/uploads\/2024\/09\/Toiminnanjohtajan-syysterveiset.png","width":2000,"height":1677},{"@type":"BreadcrumbList","@id":"https:\/\/setlementtijoensuu.fi\/toiminnanjohtajan-syysterveiset#breadcrumb","itemListElement":[{"@type":"ListItem","position":1,"name":"Etusivu","item":"https:\/\/setlementtijoensuu.fi\/"},{"@type":"ListItem","position":2,"name":"Toiminnanjohtajan syysterveiset"}]},{"@type":"WebSite","@id":"https:\/\/setlementtijoensuu.fi\/#website","url":"https:\/\/setlementtijoensuu.fi\/","name":"Setlementti Joensuu","description":"Rohkeasti ihmisen puolella","publisher":{"@id":"https:\/\/setlementtijoensuu.fi\/#organization"},"alternateName":"Joensuun Setlementti Ry","potentialAction":[{"@type":"SearchAction","target":{"@type":"EntryPoint","urlTemplate":"https:\/\/setlementtijoensuu.fi\/?s={search_term_string}"},"query-input":{"@type":"PropertyValueSpecification","valueRequired":true,"valueName":"search_term_string"}}],"inLanguage":"en-US"},{"@type":"Organization","@id":"https:\/\/setlementtijoensuu.fi\/#organization","name":"Joensuun Setlementti ry","alternateName":"Joensuun Setlementti","url":"https:\/\/setlementtijoensuu.fi\/","logo":{"@type":"ImageObject","inLanguage":"en-US","@id":"https:\/\/setlementtijoensuu.fi\/#\/schema\/logo\/image\/","url":"https:\/\/setlementtijoensuu.fi\/wp-content\/uploads\/2023\/02\/logo-retina-1.png","contentUrl":"https:\/\/setlementtijoensuu.fi\/wp-content\/uploads\/2023\/02\/logo-retina-1.png","width":200,"height":88,"caption":"Joensuun Setlementti ry"},"image":{"@id":"https:\/\/setlementtijoensuu.fi\/#\/schema\/logo\/image\/"},"sameAs":["https:\/\/www.facebook.com\/setlementtijoensuu.fi","https:\/\/www.instagram.com\/joensuunsetlementti\/"]},{"@type":"Person","@id":"https:\/\/setlementtijoensuu.fi\/#\/schema\/person\/78f5eeadb4261c918b6b969786e828e4","name":"Henna Karhap\u00e4\u00e4","url":"https:\/\/setlementtijoensuu.fi\/en\/author\/henna"}]}},"_links":{"self":[{"href":"https:\/\/setlementtijoensuu.fi\/en\/wp-json\/wp\/v2\/posts\/7036","targetHints":{"allow":["GET"]}}],"collection":[{"href":"https:\/\/setlementtijoensuu.fi\/en\/wp-json\/wp\/v2\/posts"}],"about":[{"href":"https:\/\/setlementtijoensuu.fi\/en\/wp-json\/wp\/v2\/types\/post"}],"author":[{"embeddable":true,"href":"https:\/\/setlementtijoensuu.fi\/en\/wp-json\/wp\/v2\/users\/4"}],"replies":[{"embeddable":true,"href":"https:\/\/setlementtijoensuu.fi\/en\/wp-json\/wp\/v2\/comments?post=7036"}],"version-history":[{"count":2,"href":"https:\/\/setlementtijoensuu.fi\/en\/wp-json\/wp\/v2\/posts\/7036\/revisions"}],"predecessor-version":[{"id":7039,"href":"https:\/\/setlementtijoensuu.fi\/en\/wp-json\/wp\/v2\/posts\/7036\/revisions\/7039"}],"wp:featuredmedia":[{"embeddable":true,"href":"https:\/\/setlementtijoensuu.fi\/en\/wp-json\/wp\/v2\/media\/7037"}],"wp:attachment":[{"href":"https:\/\/setlementtijoensuu.fi\/en\/wp-json\/wp\/v2\/media?parent=7036"}],"wp:term":[{"taxonomy":"category","embeddable":true,"href":"https:\/\/setlementtijoensuu.fi\/en\/wp-json\/wp\/v2\/categories?post=7036"},{"taxonomy":"post_tag","embeddable":true,"href":"https:\/\/setlementtijoensuu.fi\/en\/wp-json\/wp\/v2\/tags?post=7036"}],"curies":[{"name":"wp","href":"https:\/\/api.w.org\/{rel}","templated":true}]}}